{"id":1190,"date":"2012-09-27T07:15:55","date_gmt":"2012-09-27T06:15:55","guid":{"rendered":"http:\/\/leirdal.net\/blog\/?p=1190"},"modified":"2012-09-27T07:15:55","modified_gmt":"2012-09-27T06:15:55","slug":"mine-bilder-fra-lys-workshopen","status":"publish","type":"post","link":"https:\/\/www.leirdal.net\/blog\/archives\/1190-mine-bilder-fra-lys-workshopen.html","title":{"rendered":"Mine bilder fra lys-workshopen"},"content":{"rendered":"","protected":true},"excerpt":{"rendered":"","protected":true},"author":3,"featured_media":0,"comment_status":"open","ping_status":"open","sticky":false,"template":"","format":"standard","meta":{"jetpack_post_was_ever_published":false,"_jetpack_newsletter_access":"","_jetpack_dont_email_post_to_subs":false,"_jetpack_newsletter_tier_id":0,"_jetpack_memberships_contains_paywalled_content":false,"_jetpack_memberships_contains_paid_content":false,"footnotes":"","jetpack_publicize_message":"","jetpack_publicize_feature_enabled":true,"jetpack_social_post_already_shared":false,"jetpack_social_options":{"image_generator_settings":{"template":"highway","default_image_id":0,"font":"","enabled":false},"version":2}},"categories":[3],"tags":[],"class_list":{"0":"post-1190","1":"post","2":"type-post","3":"status-publish","4":"format-standard","5":"post-password-required","7":"category-photography","8":"czr-hentry"},"jetpack_publicize_connections":[],"jetpack_featured_media_url":"","jetpack_shortlink":"https:\/\/wp.me\/p1xqPf-jc","jetpack_sharing_enabled":true,"jetpack_likes_enabled":true,"jetpack-related-posts":[{"id":2935,"url":"https:\/\/www.leirdal.net\/blog\/archives\/2935-happy-holidays-god-jul.html","url_meta":{"origin":1190,"position":0},"title":"Happy Holidays\/God Jul","author":"Jon Leirdal","date":"2020-12-21","format":"image","excerpt":"You will find an English version below. God Jul 2020Merry christmas 2020 God jul og godt nytt \u00e5r alle sammen! I \u201cmilj\u00f8vernets\u201d tid s\u00e5 fortsetter jeg med \u00e5 sende ut julekort i piksel-format. \u00c5rets bilde er fra sn\u00f8en som falt tidlig i 2020 p\u00e5 Gamle Bybru her i Trondheim. Vi\u2026","rel":"","context":"In &quot;Photography&quot;","block_context":{"text":"Photography","link":"https:\/\/www.leirdal.net\/blog\/archives\/category\/photography"},"img":{"alt_text":"God Jul 2020","src":"https:\/\/i0.wp.com\/www.leirdal.net\/blog\/wp-content\/uploads\/2020\/12\/julekort-2020-v2-norsk.jpg?fit=1200%2C1200&ssl=1&resize=350%2C200","width":350,"height":200,"srcset":"https:\/\/i0.wp.com\/www.leirdal.net\/blog\/wp-content\/uploads\/2020\/12\/julekort-2020-v2-norsk.jpg?fit=1200%2C1200&ssl=1&resize=350%2C200 1x, https:\/\/i0.wp.com\/www.leirdal.net\/blog\/wp-content\/uploads\/2020\/12\/julekort-2020-v2-norsk.jpg?fit=1200%2C1200&ssl=1&resize=525%2C300 1.5x, https:\/\/i0.wp.com\/www.leirdal.net\/blog\/wp-content\/uploads\/2020\/12\/julekort-2020-v2-norsk.jpg?fit=1200%2C1200&ssl=1&resize=700%2C400 2x, https:\/\/i0.wp.com\/www.leirdal.net\/blog\/wp-content\/uploads\/2020\/12\/julekort-2020-v2-norsk.jpg?fit=1200%2C1200&ssl=1&resize=1050%2C600 3x"},"classes":[]},{"id":2781,"url":"https:\/\/www.leirdal.net\/blog\/archives\/2781-covid-19-workshop.html","url_meta":{"origin":1190,"position":1},"title":"Covid-19 Workshop","author":"Jon Leirdal","date":"2020-07-06","format":false,"excerpt":"Earlier this year I was lucky enough to attend the first ever level 4 workshop from Morten Krogvold. There was just this one tiny little issue - in the middle of the workshop we were hit by a national Covid-19 lockdown in Norway. In cooperation with the local government and\u2026","rel":"","context":"In &quot;Photography&quot;","block_context":{"text":"Photography","link":"https:\/\/www.leirdal.net\/blog\/archives\/category\/photography"},"img":{"alt_text":"Winter Reeds","src":"https:\/\/i0.wp.com\/www.leirdal.net\/blog\/wp-content\/uploads\/2020\/07\/DSF3089-20200315.jpg?fit=1200%2C800&ssl=1&resize=350%2C200","width":350,"height":200,"srcset":"https:\/\/i0.wp.com\/www.leirdal.net\/blog\/wp-content\/uploads\/2020\/07\/DSF3089-20200315.jpg?fit=1200%2C800&ssl=1&resize=350%2C200 1x, https:\/\/i0.wp.com\/www.leirdal.net\/blog\/wp-content\/uploads\/2020\/07\/DSF3089-20200315.jpg?fit=1200%2C800&ssl=1&resize=525%2C300 1.5x, https:\/\/i0.wp.com\/www.leirdal.net\/blog\/wp-content\/uploads\/2020\/07\/DSF3089-20200315.jpg?fit=1200%2C800&ssl=1&resize=700%2C400 2x, https:\/\/i0.wp.com\/www.leirdal.net\/blog\/wp-content\/uploads\/2020\/07\/DSF3089-20200315.jpg?fit=1200%2C800&ssl=1&resize=1050%2C600 3x"},"classes":[]},{"id":2080,"url":"https:\/\/www.leirdal.net\/blog\/archives\/2080-oslostreets-workshop.html","url_meta":{"origin":1190,"position":2},"title":"#OsloStreets workshop","author":"leirdal","date":"2015-06-01","format":"gallery","excerpt":"Bilder Nordic with a token of assistance from Oslo Kamera Klubb arranged #OsloStreets (Instagram), a Street Photography workshop, this weekend. There were about 100-120 participants and two well known photographers doing the introductions and critiquing the photos during the workshop.Peter Dench (Instagram)Jeff Mermelstein (Facebook)In the end about 2000 photos were\u2026","rel":"","context":"In &quot;Photography&quot;","block_context":{"text":"Photography","link":"https:\/\/www.leirdal.net\/blog\/archives\/category\/photography"},"img":{"alt_text":"Faceless in the city","src":"https:\/\/i0.wp.com\/www.leirdal.net\/blog\/wp-content\/uploads\/2015\/06\/DSC1089-20150530.jpg?fit=1200%2C1200&ssl=1&resize=350%2C200","width":350,"height":200,"srcset":"https:\/\/i0.wp.com\/www.leirdal.net\/blog\/wp-content\/uploads\/2015\/06\/DSC1089-20150530.jpg?fit=1200%2C1200&ssl=1&resize=350%2C200 1x, https:\/\/i0.wp.com\/www.leirdal.net\/blog\/wp-content\/uploads\/2015\/06\/DSC1089-20150530.jpg?fit=1200%2C1200&ssl=1&resize=525%2C300 1.5x, https:\/\/i0.wp.com\/www.leirdal.net\/blog\/wp-content\/uploads\/2015\/06\/DSC1089-20150530.jpg?fit=1200%2C1200&ssl=1&resize=700%2C400 2x, https:\/\/i0.wp.com\/www.leirdal.net\/blog\/wp-content\/uploads\/2015\/06\/DSC1089-20150530.jpg?fit=1200%2C1200&ssl=1&resize=1050%2C600 3x"},"classes":[]},{"id":104,"url":"https:\/\/www.leirdal.net\/blog\/archives\/104-are-you-that-evert-taube-guy.html","url_meta":{"origin":1190,"position":3},"title":"Are you that Evert Taube guy?","author":"leirdal","date":"2008-07-07","format":false,"excerpt":"Me: Are you that Evert Taube (in Swedish) guy? Evert Taube: ... Y..yees? Me: Did you write \"Flickan i Havanna\" ? Evert Taube: ... Yes? Me: Did you write \"S\u00e5 l\u00e4nge skutan kan g\u00e5\"? Evert Taube: Yes? Me: Did you write \"S\u00e5 skimrande var aldrig havet\"? Evert Taube: Yes... Me:\u2026","rel":"","context":"In &quot;Life&quot;","block_context":{"text":"Life","link":"https:\/\/www.leirdal.net\/blog\/archives\/category\/life"},"img":{"alt_text":"evert","src":"https:\/\/i0.wp.com\/www.leirdal.net\/blog\/uploads\/AreyouthatEvertTaubeguy_790C\/evert_thumb.jpg?resize=350%2C200","width":350,"height":200},"classes":[]},{"id":2549,"url":"https:\/\/www.leirdal.net\/blog\/archives\/2549-oslo-masterclass-weekend.html","url_meta":{"origin":1190,"position":4},"title":"Oslo Masterclass Weekend","author":"Jon Leirdal","date":"2018-09-05","format":"gallery","excerpt":"In august, Interfoto, Anne Lise Flavik, Bilder Nordic and Bj\u00f8rn Opsahl hosted a workshop with a set of fantastic teachers. Julie Pike, Bj\u00f8rn Opsahl, Greg Gorman and Morten Krogvold each held a presentation talk and all, except Morten, also taught some of their tricks shooting portrait photos. All the teachers\u2026","rel":"","context":"In &quot;Photography&quot;","block_context":{"text":"Photography","link":"https:\/\/www.leirdal.net\/blog\/archives\/category\/photography"},"img":{"alt_text":"Mina (Pholk - Heartbreakmanagement.com)","src":"https:\/\/i0.wp.com\/www.leirdal.net\/blog\/wp-content\/uploads\/2018\/09\/DSF5569-20180824.jpg?fit=1200%2C800&ssl=1&resize=350%2C200","width":350,"height":200,"srcset":"https:\/\/i0.wp.com\/www.leirdal.net\/blog\/wp-content\/uploads\/2018\/09\/DSF5569-20180824.jpg?fit=1200%2C800&ssl=1&resize=350%2C200 1x, https:\/\/i0.wp.com\/www.leirdal.net\/blog\/wp-content\/uploads\/2018\/09\/DSF5569-20180824.jpg?fit=1200%2C800&ssl=1&resize=525%2C300 1.5x, https:\/\/i0.wp.com\/www.leirdal.net\/blog\/wp-content\/uploads\/2018\/09\/DSF5569-20180824.jpg?fit=1200%2C800&ssl=1&resize=700%2C400 2x, https:\/\/i0.wp.com\/www.leirdal.net\/blog\/wp-content\/uploads\/2018\/09\/DSF5569-20180824.jpg?fit=1200%2C800&ssl=1&resize=1050%2C600 3x"},"classes":[]},{"id":79,"url":"https:\/\/www.leirdal.net\/blog\/archives\/79-schneier-on-security-for-a-safe-nights-sleep.html","url_meta":{"origin":1190,"position":5},"title":"Schneier on Security: For a Safe Night&#8217;s Sleep","author":"leirdal","date":"2008-04-02","format":false,"excerpt":"This is just fantastic. Bruce Schneier has a blog-entry called For a Safe Night's Sleep that covers a product named Quantum Sleeper. I just can't shake the feeling this is published due to April first, but anyway. For a laugh check out some of the specs. Whether it's a joke\u2026","rel":"","context":"In &quot;Life&quot;","block_context":{"text":"Life","link":"https:\/\/www.leirdal.net\/blog\/archives\/category\/life"},"img":{"alt_text":"","src":"","width":0,"height":0},"classes":[]}],"_links":{"self":[{"href":"https:\/\/www.leirdal.net\/blog\/wp-json\/wp\/v2\/posts\/1190","targetHints":{"allow":["GET"]}}],"collection":[{"href":"https:\/\/www.leirdal.net\/blog\/wp-json\/wp\/v2\/posts"}],"about":[{"href":"https:\/\/www.leirdal.net\/blog\/wp-json\/wp\/v2\/types\/post"}],"author":[{"embeddable":true,"href":"https:\/\/www.leirdal.net\/blog\/wp-json\/wp\/v2\/users\/3"}],"replies":[{"embeddable":true,"href":"https:\/\/www.leirdal.net\/blog\/wp-json\/wp\/v2\/comments?post=1190"}],"version-history":[{"count":1,"href":"https:\/\/www.leirdal.net\/blog\/wp-json\/wp\/v2\/posts\/1190\/revisions"}],"predecessor-version":[{"id":1191,"href":"https:\/\/www.leirdal.net\/blog\/wp-json\/wp\/v2\/posts\/1190\/revisions\/1191"}],"wp:attachment":[{"href":"https:\/\/www.leirdal.net\/blog\/wp-json\/wp\/v2\/media?parent=1190"}],"wp:term":[{"taxonomy":"category","embeddable":true,"href":"https:\/\/www.leirdal.net\/blog\/wp-json\/wp\/v2\/categories?post=1190"},{"taxonomy":"post_tag","embeddable":true,"href":"https:\/\/www.leirdal.net\/blog\/wp-json\/wp\/v2\/tags?post=1190"}],"curies":[{"name":"wp","href":"https:\/\/api.w.org\/{rel}","templated":true}]}}