{"id":1306,"date":"2012-12-25T15:12:13","date_gmt":"2012-12-25T14:12:13","guid":{"rendered":"http:\/\/leirdal.net\/blog\/?p=1306"},"modified":"2012-12-25T15:12:15","modified_gmt":"2012-12-25T14:12:15","slug":"yule-greetings-2","status":"publish","type":"post","link":"https:\/\/www.leirdal.net\/blog\/archives\/1306-yule-greetings-2.html","title":{"rendered":"Yule Greetings"},"content":{"rendered":"<p><div id=\"attachment_1307\" style=\"width: 560px\" class=\"wp-caption alignnone\"><a href=\"http:\/\/leirdal.net\/blog\/archives\/1306-yule-greetings-2.html\/julekort-2012\" rel=\"attachment wp-att-1307\"><img data-recalc-dims=\"1\" fetchpriority=\"high\" decoding=\"async\" aria-describedby=\"caption-attachment-1307\" data-attachment-id=\"1307\" data-permalink=\"https:\/\/www.leirdal.net\/blog\/archives\/1306-yule-greetings-2.html\/julekort-2012\" data-orig-file=\"https:\/\/i0.wp.com\/www.leirdal.net\/blog\/wp-content\/uploads\/2012\/12\/Julekort-2012.jpg?fit=1280%2C907&amp;ssl=1\" data-orig-size=\"1280,907\" data-comments-opened=\"1\" data-image-meta=\"{&quot;aperture&quot;:&quot;0&quot;,&quot;credit&quot;:&quot;&quot;,&quot;camera&quot;:&quot;&quot;,&quot;caption&quot;:&quot;&quot;,&quot;created_timestamp&quot;:&quot;0&quot;,&quot;copyright&quot;:&quot;&quot;,&quot;focal_length&quot;:&quot;0&quot;,&quot;iso&quot;:&quot;0&quot;,&quot;shutter_speed&quot;:&quot;0&quot;,&quot;title&quot;:&quot;&quot;,&quot;orientation&quot;:&quot;0&quot;}\" data-image-title=\"Christmas Card 2012\" data-image-description=\"&lt;p&gt;Christmas Card 2012&lt;\/p&gt;\n\" data-image-caption=\"&lt;p&gt;Season greetings from Norway&lt;\/p&gt;\n\" data-large-file=\"https:\/\/i0.wp.com\/www.leirdal.net\/blog\/wp-content\/uploads\/2012\/12\/Julekort-2012.jpg?fit=1170%2C829&amp;ssl=1\" src=\"https:\/\/i0.wp.com\/leirdal.net\/blog\/wp-content\/uploads\/2012\/12\/Julekort-2012.jpg?resize=1170%2C829\" alt=\"Christmas Card 2012\" width=\"1170\" height=\"829\" class=\"size-full wp-image-1307\" srcset=\"https:\/\/i0.wp.com\/www.leirdal.net\/blog\/wp-content\/uploads\/2012\/12\/Julekort-2012.jpg?w=1280&amp;ssl=1 1280w, https:\/\/i0.wp.com\/www.leirdal.net\/blog\/wp-content\/uploads\/2012\/12\/Julekort-2012.jpg?resize=200%2C142&amp;ssl=1 200w, https:\/\/i0.wp.com\/www.leirdal.net\/blog\/wp-content\/uploads\/2012\/12\/Julekort-2012.jpg?resize=550%2C390&amp;ssl=1 550w, https:\/\/i0.wp.com\/www.leirdal.net\/blog\/wp-content\/uploads\/2012\/12\/Julekort-2012.jpg?resize=768%2C544&amp;ssl=1 768w\" sizes=\"(max-width: 1170px) 100vw, 1170px\" \/><\/a><p id=\"caption-attachment-1307\" class=\"wp-caption-text\">Season greetings from Norway<\/p><\/div>So a new year is soon upon us, and for the Nordic countries the christmas holiday is well under way for most of us. <\/p>\n<p>I have used e-mail and Facebook to send my season greetings for several years now, and this is no exception. But I thought I might include some of the holiday spirit on my blog as well.<\/p>\n<p>So here is a greeting from Norway based on some of my photographic highlights of the year. Included in this image is a couple of white-tail eagles from Flatanger, Aker Brygge in afternoon sunlight, artistic shapes from Oslo, sunrise and sunset in Dr\u00f8bak, and one little squirrel.<\/p>\n<p>I hope you all are enjoying your holiday and wish you all a happy new year.<\/p>\n","protected":false},"excerpt":{"rendered":"<p>So a new year is soon upon us, and for the Nordic countries the christmas holiday is well under way for most of us. I have used e-mail and Facebook to send my season greetings for several years now, and this is no exception. But I thought I might include some of the holiday spirit [&hellip;]<\/p>\n","protected":false},"author":3,"featured_media":0,"comment_status":"open","ping_status":"open","sticky":false,"template":"","format":"standard","meta":{"jetpack_post_was_ever_published":false,"_jetpack_newsletter_access":"","_jetpack_dont_email_post_to_subs":false,"_jetpack_newsletter_tier_id":0,"_jetpack_memberships_contains_paywalled_content":false,"_jetpack_memberships_contains_paid_content":false,"footnotes":"","jetpack_publicize_message":"","jetpack_publicize_feature_enabled":true,"jetpack_social_post_already_shared":true,"jetpack_social_options":{"image_generator_settings":{"template":"highway","default_image_id":0,"font":"","enabled":false},"version":2}},"categories":[4,3],"tags":[540,244,367,366,365,68,281,364],"class_list":{"0":"post-1306","1":"post","2":"type-post","3":"status-publish","4":"format-standard","6":"category-life","7":"category-photography","8":"tag-card","9":"tag-christmas","10":"tag-christmas-card","11":"tag-greeting","12":"tag-holidays","13":"tag-new-year","14":"tag-season","15":"tag-yule","16":"czr-hentry"},"jetpack_publicize_connections":[],"jetpack_featured_media_url":"","jetpack_shortlink":"https:\/\/wp.me\/p1xqPf-l4","jetpack_sharing_enabled":true,"jetpack_likes_enabled":true,"jetpack-related-posts":[{"id":65,"url":"https:\/\/www.leirdal.net\/blog\/archives\/65-yule-greetings.html","url_meta":{"origin":1306,"position":0},"title":"Yule greetings","author":"leirdal","date":"2007-12-23","format":false,"excerpt":"We are entering a holiday season for a lot of the world, and leaving one for other people. I am not a religious person, so I'll do this slightly different with this little picture. I hope you all will have a nice holiday, and spend some time with family or\u2026","rel":"","context":"In &quot;Photography&quot;","block_context":{"text":"Photography","link":"https:\/\/www.leirdal.net\/blog\/archives\/category\/photography"},"img":{"alt_text":"jul","src":"https:\/\/i0.wp.com\/www.leirdal.net\/blog\/uploads\/Yulegreetings_12344\/jul_thumb.jpg?resize=350%2C200","width":350,"height":200},"classes":[]},{"id":2935,"url":"https:\/\/www.leirdal.net\/blog\/archives\/2935-happy-holidays-god-jul.html","url_meta":{"origin":1306,"position":1},"title":"Happy Holidays\/God Jul","author":"Jon Leirdal","date":"2020-12-21","format":"image","excerpt":"You will find an English version below. God Jul 2020Merry christmas 2020 God jul og godt nytt \u00e5r alle sammen! I \u201cmilj\u00f8vernets\u201d tid s\u00e5 fortsetter jeg med \u00e5 sende ut julekort i piksel-format. \u00c5rets bilde er fra sn\u00f8en som falt tidlig i 2020 p\u00e5 Gamle Bybru her i Trondheim. Vi\u2026","rel":"","context":"In &quot;Photography&quot;","block_context":{"text":"Photography","link":"https:\/\/www.leirdal.net\/blog\/archives\/category\/photography"},"img":{"alt_text":"God Jul 2020","src":"https:\/\/i0.wp.com\/www.leirdal.net\/blog\/wp-content\/uploads\/2020\/12\/julekort-2020-v2-norsk.jpg?fit=1200%2C1200&ssl=1&resize=350%2C200","width":350,"height":200,"srcset":"https:\/\/i0.wp.com\/www.leirdal.net\/blog\/wp-content\/uploads\/2020\/12\/julekort-2020-v2-norsk.jpg?fit=1200%2C1200&ssl=1&resize=350%2C200 1x, https:\/\/i0.wp.com\/www.leirdal.net\/blog\/wp-content\/uploads\/2020\/12\/julekort-2020-v2-norsk.jpg?fit=1200%2C1200&ssl=1&resize=525%2C300 1.5x, https:\/\/i0.wp.com\/www.leirdal.net\/blog\/wp-content\/uploads\/2020\/12\/julekort-2020-v2-norsk.jpg?fit=1200%2C1200&ssl=1&resize=700%2C400 2x, https:\/\/i0.wp.com\/www.leirdal.net\/blog\/wp-content\/uploads\/2020\/12\/julekort-2020-v2-norsk.jpg?fit=1200%2C1200&ssl=1&resize=1050%2C600 3x"},"classes":[]},{"id":1729,"url":"https:\/\/www.leirdal.net\/blog\/archives\/1729-season-greetings.html","url_meta":{"origin":1306,"position":2},"title":"Season Greetings","author":"leirdal","date":"2013-12-24","format":"image","excerpt":"Wow this year really flew by. I haven't been able to publish new blog-posts the last two months, but relax. My camera has been used so there are a lot of pictures to be published in the near future. So to all you people out there that bother to watch\u2026","rel":"","context":"In &quot;Life&quot;","block_context":{"text":"Life","link":"https:\/\/www.leirdal.net\/blog\/archives\/category\/life"},"img":{"alt_text":"Christmas card 2013","src":"https:\/\/i0.wp.com\/leirdal.net\/blog\/wp-content\/uploads\/2013\/12\/Julekort-2013-alt-en-550x388.jpg?resize=350%2C200","width":350,"height":200,"srcset":"https:\/\/i0.wp.com\/leirdal.net\/blog\/wp-content\/uploads\/2013\/12\/Julekort-2013-alt-en-550x388.jpg?resize=350%2C200 1x, https:\/\/i0.wp.com\/leirdal.net\/blog\/wp-content\/uploads\/2013\/12\/Julekort-2013-alt-en-550x388.jpg?resize=525%2C300 1.5x"},"classes":[]},{"id":2158,"url":"https:\/\/www.leirdal.net\/blog\/archives\/2158-happy-holidays.html","url_meta":{"origin":1306,"position":3},"title":"Happy Holidays!","author":"leirdal","date":"2015-12-23","format":false,"excerpt":"Every year I do my little environmentally friendly christmas greeting by sending a digital christmas card. I decided to go\u00a0with something of a designer look this year. I wish you all a Happy Holiday Season. Or if you prefer, a Merry Christmas and a Happy New Year.","rel":"","context":"In &quot;Photography&quot;","block_context":{"text":"Photography","link":"https:\/\/www.leirdal.net\/blog\/archives\/category\/photography"},"img":{"alt_text":"Happy Holidays - 2015","src":"https:\/\/i0.wp.com\/www.leirdal.net\/blog\/wp-content\/uploads\/2015\/12\/Julekort2015-english.jpg?fit=1024%2C1024&ssl=1&resize=350%2C200","width":350,"height":200,"srcset":"https:\/\/i0.wp.com\/www.leirdal.net\/blog\/wp-content\/uploads\/2015\/12\/Julekort2015-english.jpg?fit=1024%2C1024&ssl=1&resize=350%2C200 1x, https:\/\/i0.wp.com\/www.leirdal.net\/blog\/wp-content\/uploads\/2015\/12\/Julekort2015-english.jpg?fit=1024%2C1024&ssl=1&resize=525%2C300 1.5x, https:\/\/i0.wp.com\/www.leirdal.net\/blog\/wp-content\/uploads\/2015\/12\/Julekort2015-english.jpg?fit=1024%2C1024&ssl=1&resize=700%2C400 2x"},"classes":[]},{"id":2372,"url":"https:\/\/www.leirdal.net\/blog\/archives\/2372-happy-holidays-2017.html","url_meta":{"origin":1306,"position":4},"title":"Happy Holidays","author":"leirdal","date":"2017-12-24","format":false,"excerpt":"Happy Holidays, or Merry Christmas if you wish. This years greeting card is made up of a lot of photos taken during the year. If you have followed me on facebook, instagram or any other site online you might recognise several of these pictures. Enjoy the season, and hopefully we\u2026","rel":"","context":"In &quot;Photography&quot;","block_context":{"text":"Photography","link":"https:\/\/www.leirdal.net\/blog\/archives\/category\/photography"},"img":{"alt_text":"","src":"https:\/\/i0.wp.com\/leirdal.net\/blog\/wp-content\/uploads\/2017\/12\/Julekort-2017-english-550x550.jpg?resize=350%2C200","width":350,"height":200,"srcset":"https:\/\/i0.wp.com\/leirdal.net\/blog\/wp-content\/uploads\/2017\/12\/Julekort-2017-english-550x550.jpg?resize=350%2C200 1x, https:\/\/i0.wp.com\/leirdal.net\/blog\/wp-content\/uploads\/2017\/12\/Julekort-2017-english-550x550.jpg?resize=525%2C300 1.5x"},"classes":[]},{"id":2596,"url":"https:\/\/www.leirdal.net\/blog\/archives\/2596-happy-holidays-3.html","url_meta":{"origin":1306,"position":5},"title":"Happy Holidays","author":"Jon Leirdal","date":"2018-12-23","format":"image","excerpt":"My seasonal greeting card has been digital for ages. Hopefully you will accept this years attempt at being artistic for what it is: A wish for all of you to have a fantastic holiday and a happy new year. See you next year.","rel":"","context":"In &quot;Photography&quot;","block_context":{"text":"Photography","link":"https:\/\/www.leirdal.net\/blog\/archives\/category\/photography"},"img":{"alt_text":"Happy Holidays","src":"https:\/\/i0.wp.com\/www.leirdal.net\/blog\/wp-content\/uploads\/2018\/12\/Julekort-2018-english.jpg?fit=1200%2C1200&ssl=1&resize=350%2C200","width":350,"height":200,"srcset":"https:\/\/i0.wp.com\/www.leirdal.net\/blog\/wp-content\/uploads\/2018\/12\/Julekort-2018-english.jpg?fit=1200%2C1200&ssl=1&resize=350%2C200 1x, https:\/\/i0.wp.com\/www.leirdal.net\/blog\/wp-content\/uploads\/2018\/12\/Julekort-2018-english.jpg?fit=1200%2C1200&ssl=1&resize=525%2C300 1.5x, https:\/\/i0.wp.com\/www.leirdal.net\/blog\/wp-content\/uploads\/2018\/12\/Julekort-2018-english.jpg?fit=1200%2C1200&ssl=1&resize=700%2C400 2x, https:\/\/i0.wp.com\/www.leirdal.net\/blog\/wp-content\/uploads\/2018\/12\/Julekort-2018-english.jpg?fit=1200%2C1200&ssl=1&resize=1050%2C600 3x"},"classes":[]}],"_links":{"self":[{"href":"https:\/\/www.leirdal.net\/blog\/wp-json\/wp\/v2\/posts\/1306","targetHints":{"allow":["GET"]}}],"collection":[{"href":"https:\/\/www.leirdal.net\/blog\/wp-json\/wp\/v2\/posts"}],"about":[{"href":"https:\/\/www.leirdal.net\/blog\/wp-json\/wp\/v2\/types\/post"}],"author":[{"embeddable":true,"href":"https:\/\/www.leirdal.net\/blog\/wp-json\/wp\/v2\/users\/3"}],"replies":[{"embeddable":true,"href":"https:\/\/www.leirdal.net\/blog\/wp-json\/wp\/v2\/comments?post=1306"}],"version-history":[{"count":2,"href":"https:\/\/www.leirdal.net\/blog\/wp-json\/wp\/v2\/posts\/1306\/revisions"}],"predecessor-version":[{"id":1309,"href":"https:\/\/www.leirdal.net\/blog\/wp-json\/wp\/v2\/posts\/1306\/revisions\/1309"}],"wp:attachment":[{"href":"https:\/\/www.leirdal.net\/blog\/wp-json\/wp\/v2\/media?parent=1306"}],"wp:term":[{"taxonomy":"category","embeddable":true,"href":"https:\/\/www.leirdal.net\/blog\/wp-json\/wp\/v2\/categories?post=1306"},{"taxonomy":"post_tag","embeddable":true,"href":"https:\/\/www.leirdal.net\/blog\/wp-json\/wp\/v2\/tags?post=1306"}],"curies":[{"name":"wp","href":"https:\/\/api.w.org\/{rel}","templated":true}]}}